[{"@context":"https:\/\/schema.org\/","@type":"Blog","@id":"https:\/\/www.fixier.cz#Blog","headline":"Fixier","description":"\nJsou weby dobr\u00e9 i \u0161patn\u00e9. Mezi t\u011bmi dobr\u00fdmi jsou pak i ty lep\u0161\u00ed. Mezi t\u011bmi lep\u0161\u00edmi jsou i je\u0161t\u011b lep\u0161\u00ed. Mezi nimi jsou pak i ty nejlep\u0161\u00ed, a mezi t\u011bmi je ten n\u00e1\u0161.","url":"https:\/\/www.fixier.cz","hasPart":[{"@type":"Article","@id":"https:\/\/www.fixier.cz\/pro-hypoteku-se-nemusite-vypravit-jen-do-banky\/","headline":"Pro hypot\u00e9ku se nemus\u00edte vypravit jen do banky","url":"https:\/\/www.fixier.cz\/pro-hypoteku-se-nemusite-vypravit-jen-do-banky\/","datePublished":"2026-08-19","dateModified":"2023-05-03","mainEntityOfPage":"https:\/\/www.fixier.cz\/pro-hypoteku-se-nemusite-vypravit-jen-do-banky\/","author":{"@type":"Person","@id":"https:\/\/www.fixier.cz\/author\/#Person","name":"","url":"https:\/\/www.fixier.cz\/author\/","identifier":1,"image":{"@type":"ImageObject","@id":"https:\/\/secure.gravatar.com\/avatar\/06473a178d94fb830b46e277369729e9534f2612e261ec2f1ee96b672ef473e2?s=96&d=mm&r=g","url":"https:\/\/secure.gravatar.com\/avatar\/06473a178d94fb830b46e277369729e9534f2612e261ec2f1ee96b672ef473e2?s=96&d=mm&r=g","height":96,"width":96}},"publisher":{"@type":"Organization","name":"fixier.cz","logo":{"@type":"ImageObject","@id":"\/logo.png","url":"\/logo.png","width":600,"height":60}},"image":{"@type":"ImageObject","@id":"https:\/\/www.fixier.cz\/wp-content\/uploads\/art284735_4x3_20260816_090654_lsKZXx.jpg","url":"https:\/\/www.fixier.cz\/wp-content\/uploads\/art284735_4x3_20260816_090654_lsKZXx.jpg","height":0,"width":0},"wordCount":495,"keywords":null},{"@type":"Article","@id":"https:\/\/www.fixier.cz\/at-uz-stavite-nebo-se-bavite\/","headline":"A\u0165 u\u017e stav\u00edte, nebo se bav\u00edte","url":"https:\/\/www.fixier.cz\/at-uz-stavite-nebo-se-bavite\/","datePublished":"2026-06-18","dateModified":"2023-05-03","mainEntityOfPage":"https:\/\/www.fixier.cz\/at-uz-stavite-nebo-se-bavite\/","author":{"@type":"Person","@id":"https:\/\/www.fixier.cz\/author\/#Person","name":"","url":"https:\/\/www.fixier.cz\/author\/","identifier":1,"image":{"@type":"ImageObject","@id":"https:\/\/secure.gravatar.com\/avatar\/06473a178d94fb830b46e277369729e9534f2612e261ec2f1ee96b672ef473e2?s=96&d=mm&r=g","url":"https:\/\/secure.gravatar.com\/avatar\/06473a178d94fb830b46e277369729e9534f2612e261ec2f1ee96b672ef473e2?s=96&d=mm&r=g","height":96,"width":96}},"publisher":{"@type":"Organization","name":"fixier.cz","logo":{"@type":"ImageObject","@id":"\/logo.png","url":"\/logo.png","width":600,"height":60}},"image":{"@type":"ImageObject","@id":"https:\/\/www.fixier.cz\/wp-content\/uploads\/art280942_16x9_20260617_185920_3ZL5Is.jpg","url":"https:\/\/www.fixier.cz\/wp-content\/uploads\/art280942_16x9_20260617_185920_3ZL5Is.jpg","height":0,"width":0},"wordCount":524,"keywords":null},{"@type":"Article","@id":"https:\/\/www.fixier.cz\/great-concerts\/","headline":"Great concerts","url":"https:\/\/www.fixier.cz\/great-concerts\/","datePublished":"2026-06-13","dateModified":"2026-06-13","mainEntityOfPage":"https:\/\/www.fixier.cz\/great-concerts\/","author":{"@type":"Person","@id":"https:\/\/www.fixier.cz\/author\/#Person","name":"","url":"https:\/\/www.fixier.cz\/author\/","identifier":1,"image":{"@type":"ImageObject","@id":"https:\/\/secure.gravatar.com\/avatar\/06473a178d94fb830b46e277369729e9534f2612e261ec2f1ee96b672ef473e2?s=96&d=mm&r=g","url":"https:\/\/secure.gravatar.com\/avatar\/06473a178d94fb830b46e277369729e9534f2612e261ec2f1ee96b672ef473e2?s=96&d=mm&r=g","height":96,"width":96}},"publisher":{"@type":"Organization","name":"fixier.cz","logo":{"@type":"ImageObject","@id":"\/logo.png","url":"\/logo.png","width":600,"height":60}},"image":{"@type":"ImageObject","@id":"https:\/\/www.fixier.cz\/wp-content\/uploads\/ralf1403-piano-10046998_640_1.jpg","url":"https:\/\/www.fixier.cz\/wp-content\/uploads\/ralf1403-piano-10046998_640_1.jpg","height":0,"width":0},"wordCount":506,"keywords":null},{"@type":"Article","@id":"https:\/\/www.fixier.cz\/jak-se-pripravit-na-stehovani-do-zahranici\/","headline":"Jak se p\u0159ipravit na st\u011bhov\u00e1n\u00ed do zahrani\u010d\u00ed?","url":"https:\/\/www.fixier.cz\/jak-se-pripravit-na-stehovani-do-zahranici\/","datePublished":"2025-12-12","dateModified":"2025-12-12","mainEntityOfPage":"https:\/\/www.fixier.cz\/jak-se-pripravit-na-stehovani-do-zahranici\/","author":{"@type":"Person","@id":"https:\/\/www.fixier.cz\/author\/#Person","name":"","url":"https:\/\/www.fixier.cz\/author\/","identifier":1,"image":{"@type":"ImageObject","@id":"https:\/\/secure.gravatar.com\/avatar\/06473a178d94fb830b46e277369729e9534f2612e261ec2f1ee96b672ef473e2?s=96&d=mm&r=g","url":"https:\/\/secure.gravatar.com\/avatar\/06473a178d94fb830b46e277369729e9534f2612e261ec2f1ee96b672ef473e2?s=96&d=mm&r=g","height":96,"width":96}},"publisher":{"@type":"Organization","name":"fixier.cz","logo":{"@type":"ImageObject","@id":"\/logo.png","url":"\/logo.png","width":600,"height":60}},"image":{"@type":"ImageObject","@id":"https:\/\/www.fixier.cz\/wp-content\/uploads\/geojango-maps-Z8UgB80_46w-unsplash.jpg","url":"https:\/\/www.fixier.cz\/wp-content\/uploads\/geojango-maps-Z8UgB80_46w-unsplash.jpg","height":0,"width":0},"wordCount":555,"keywords":null},{"@type":"Article","@id":"https:\/\/www.fixier.cz\/kavarna-nebo-cajovna\/","headline":"Kav\u00e1rna nebo \u010dajovna","url":"https:\/\/www.fixier.cz\/kavarna-nebo-cajovna\/","datePublished":"2025-10-13","dateModified":"2025-10-13","mainEntityOfPage":"https:\/\/www.fixier.cz\/kavarna-nebo-cajovna\/","author":{"@type":"Person","@id":"https:\/\/www.fixier.cz\/author\/#Person","name":"","url":"https:\/\/www.fixier.cz\/author\/","identifier":1,"image":{"@type":"ImageObject","@id":"https:\/\/secure.gravatar.com\/avatar\/06473a178d94fb830b46e277369729e9534f2612e261ec2f1ee96b672ef473e2?s=96&d=mm&r=g","url":"https:\/\/secure.gravatar.com\/avatar\/06473a178d94fb830b46e277369729e9534f2612e261ec2f1ee96b672ef473e2?s=96&d=mm&r=g","height":96,"width":96}},"publisher":{"@type":"Organization","name":"fixier.cz","logo":{"@type":"ImageObject","@id":"\/logo.png","url":"\/logo.png","width":600,"height":60}},"image":{"@type":"ImageObject","@id":"https:\/\/www.fixier.cz\/wp-content\/uploads\/city-4298285_640.jpg","url":"https:\/\/www.fixier.cz\/wp-content\/uploads\/city-4298285_640.jpg","height":0,"width":0},"wordCount":560,"keywords":null},{"@type":"Article","@id":"https:\/\/www.fixier.cz\/propracovana-uprava\/","headline":"Propracovan\u00e1 \u00faprava","url":"https:\/\/www.fixier.cz\/propracovana-uprava\/","datePublished":"2025-08-30","dateModified":"2025-08-30","mainEntityOfPage":"https:\/\/www.fixier.cz\/propracovana-uprava\/","author":{"@type":"Person","@id":"https:\/\/www.fixier.cz\/author\/#Person","name":"","url":"https:\/\/www.fixier.cz\/author\/","identifier":1,"image":{"@type":"ImageObject","@id":"https:\/\/secure.gravatar.com\/avatar\/06473a178d94fb830b46e277369729e9534f2612e261ec2f1ee96b672ef473e2?s=96&d=mm&r=g","url":"https:\/\/secure.gravatar.com\/avatar\/06473a178d94fb830b46e277369729e9534f2612e261ec2f1ee96b672ef473e2?s=96&d=mm&r=g","height":96,"width":96}},"publisher":{"@type":"Organization","name":"fixier.cz","logo":{"@type":"ImageObject","@id":"\/logo.png","url":"\/logo.png","width":600,"height":60}},"image":null,"wordCount":260,"keywords":null},{"@type":"Article","@id":"https:\/\/www.fixier.cz\/propracovana-uprava\/","headline":"Propracovan\u00e1 \u00faprava","url":"https:\/\/www.fixier.cz\/propracovana-uprava\/","datePublished":"2025-08-30","dateModified":"2025-08-30","mainEntityOfPage":"https:\/\/www.fixier.cz\/propracovana-uprava\/","author":{"@type":"Person","@id":"https:\/\/www.fixier.cz\/author\/#Person","name":"","url":"https:\/\/www.fixier.cz\/author\/","identifier":1,"image":{"@type":"ImageObject","@id":"https:\/\/secure.gravatar.com\/avatar\/06473a178d94fb830b46e277369729e9534f2612e261ec2f1ee96b672ef473e2?s=96&d=mm&r=g","url":"https:\/\/secure.gravatar.com\/avatar\/06473a178d94fb830b46e277369729e9534f2612e261ec2f1ee96b672ef473e2?s=96&d=mm&r=g","height":96,"width":96}},"publisher":{"@type":"Organization","name":"fixier.cz","logo":{"@type":"ImageObject","@id":"\/logo.png","url":"\/logo.png","width":600,"height":60}},"image":null,"wordCount":260,"keywords":null},{"@type":"Article","@id":"https:\/\/www.fixier.cz\/kam-vsude-nedosahnete\/","headline":"Kam v\u0161ude nedos\u00e1hnete?","url":"https:\/\/www.fixier.cz\/kam-vsude-nedosahnete\/","datePublished":"2025-08-25","dateModified":"2025-08-25","mainEntityOfPage":"https:\/\/www.fixier.cz\/kam-vsude-nedosahnete\/","author":{"@type":"Person","@id":"https:\/\/www.fixier.cz\/author\/#Person","name":"","url":"https:\/\/www.fixier.cz\/author\/","identifier":1,"image":{"@type":"ImageObject","@id":"https:\/\/secure.gravatar.com\/avatar\/06473a178d94fb830b46e277369729e9534f2612e261ec2f1ee96b672ef473e2?s=96&d=mm&r=g","url":"https:\/\/secure.gravatar.com\/avatar\/06473a178d94fb830b46e277369729e9534f2612e261ec2f1ee96b672ef473e2?s=96&d=mm&r=g","height":96,"width":96}},"publisher":{"@type":"Organization","name":"fixier.cz","logo":{"@type":"ImageObject","@id":"\/logo.png","url":"\/logo.png","width":600,"height":60}},"image":null,"wordCount":216,"keywords":null},{"@type":"Article","@id":"https:\/\/www.fixier.cz\/nova-soucast-vaseho-bydleni\/","headline":"Nov\u00e1 sou\u010d\u00e1st Va\u0161eho bydlen\u00ed","url":"https:\/\/www.fixier.cz\/nova-soucast-vaseho-bydleni\/","datePublished":"2025-08-17","dateModified":"2025-08-17","mainEntityOfPage":"https:\/\/www.fixier.cz\/nova-soucast-vaseho-bydleni\/","author":{"@type":"Person","@id":"https:\/\/www.fixier.cz\/author\/#Person","name":"","url":"https:\/\/www.fixier.cz\/author\/","identifier":1,"image":{"@type":"ImageObject","@id":"https:\/\/secure.gravatar.com\/avatar\/06473a178d94fb830b46e277369729e9534f2612e261ec2f1ee96b672ef473e2?s=96&d=mm&r=g","url":"https:\/\/secure.gravatar.com\/avatar\/06473a178d94fb830b46e277369729e9534f2612e261ec2f1ee96b672ef473e2?s=96&d=mm&r=g","height":96,"width":96}},"publisher":{"@type":"Organization","name":"fixier.cz","logo":{"@type":"ImageObject","@id":"\/logo.png","url":"\/logo.png","width":600,"height":60}},"image":null,"wordCount":200,"keywords":null},{"@type":"Article","@id":"https:\/\/www.fixier.cz\/co-tim-ziskame\/","headline":"Co t\u00edm z\u00edsk\u00e1me","url":"https:\/\/www.fixier.cz\/co-tim-ziskame\/","datePublished":"2025-08-12","dateModified":"2025-08-12","mainEntityOfPage":"https:\/\/www.fixier.cz\/co-tim-ziskame\/","author":{"@type":"Person","@id":"https:\/\/www.fixier.cz\/author\/#Person","name":"","url":"https:\/\/www.fixier.cz\/author\/","identifier":1,"image":{"@type":"ImageObject","@id":"https:\/\/secure.gravatar.com\/avatar\/06473a178d94fb830b46e277369729e9534f2612e261ec2f1ee96b672ef473e2?s=96&d=mm&r=g","url":"https:\/\/secure.gravatar.com\/avatar\/06473a178d94fb830b46e277369729e9534f2612e261ec2f1ee96b672ef473e2?s=96&d=mm&r=g","height":96,"width":96}},"publisher":{"@type":"Organization","name":"fixier.cz","logo":{"@type":"ImageObject","@id":"\/logo.png","url":"\/logo.png","width":600,"height":60}},"image":null,"wordCount":212,"keywords":null}]},{"@context":"https:\/\/schema.org","@type":"WebSite","@id":"https:\/\/www.fixier.cz\/#website","name":"Fixier","url":"https:\/\/www.fixier.cz","potentialAction":{"@type":"SearchAction","target":"https:\/\/www.fixier.cz\/?s={search_term_string}","query-input":"required name=search_term_string"}}]