[{"@context":"https:\/\/schema.org\/","@type":"Article","@id":"https:\/\/www.fixier.cz\/interierove-schody\/#Article","mainEntityOfPage":"https:\/\/www.fixier.cz\/interierove-schody\/","headline":"Interi\u00e9rov\u00e9 schody","name":"Interi\u00e9rov\u00e9 schody","description":"P\u0159em\u00fd\u0161l\u00edte nad t\u00edm, jak\u00e9 schody si do va\u0161eho nov\u00e9ho domu po\u0159\u00eddit? Asi i vy v\u00edte, \u017ee existuje cel\u00e1 \u0159ada variant a tak\u00e9 materi\u00e1l\u016f takov\u00e9ho schodi\u0161t\u011b. \u010clov\u011bk m\u00e1 rozhodn\u011b nad \u010d\u00edm p\u0159em\u00fd\u0161let. Ur\u010dit\u011b si ale s v\u00fdb\u011brem n\u011b\u010deho takov\u00e9ho nel\u00e1mejte p\u0159\u00edli\u0161 dlouho hlavu. Vyu\u017eijte rad\u011bji mo\u017enost\u00ed, kter\u00e9 se nab\u00edzej\u00ed, abyste se rozhodli co nejd\u0159\u00edve. Pokud bychom [&hellip;]","datePublished":"2021-03-19","dateModified":"2021-03-19","author":{"@type":"Person","@id":"https:\/\/www.fixier.cz\/author\/#Person","name":"","url":"https:\/\/www.fixier.cz\/author\/","identifier":1,"image":{"@type":"ImageObject","@id":"https:\/\/secure.gravatar.com\/avatar\/06473a178d94fb830b46e277369729e9534f2612e261ec2f1ee96b672ef473e2?s=96&d=mm&r=g","url":"https:\/\/secure.gravatar.com\/avatar\/06473a178d94fb830b46e277369729e9534f2612e261ec2f1ee96b672ef473e2?s=96&d=mm&r=g","height":96,"width":96}},"publisher":{"@type":"Organization","name":"fixier.cz","logo":{"@type":"ImageObject","@id":"\/logo.png","url":"\/logo.png","width":600,"height":60}},"image":{"@type":"ImageObject","@id":"https:\/\/www.fixier.cz\/wp-content\/uploads\/b%C3%ADl%C3%A9%20schody.PNG","url":"https:\/\/www.fixier.cz\/wp-content\/uploads\/b%C3%ADl%C3%A9%20schody.PNG","height":0,"width":0},"url":"https:\/\/www.fixier.cz\/interierove-schody\/","about":["V\u00fdrobky"],"wordCount":426,"articleBody":"   P\u0159em\u00fd\u0161l\u00edte nad t\u00edm, jak\u00e9 schody si do va\u0161eho nov\u00e9ho domu po\u0159\u00eddit? Asi i vy v\u00edte, \u017ee existuje cel\u00e1 \u0159ada variant a tak\u00e9 materi\u00e1l\u016f takov\u00e9ho schodi\u0161t\u011b.\u010clov\u011bk m\u00e1 rozhodn\u011b nad \u010d\u00edm p\u0159em\u00fd\u0161let.Ur\u010dit\u011b si ale s v\u00fdb\u011brem n\u011b\u010deho takov\u00e9ho nel\u00e1mejte p\u0159\u00edli\u0161 dlouho hlavu. Vyu\u017eijte rad\u011bji mo\u017enost\u00ed, kter\u00e9 se nab\u00edzej\u00ed, abyste se rozhodli co nejd\u0159\u00edve.Pokud bychom v\u00e1m mohli n\u011bco v souvislosti s interi\u00e9rov\u00fdmi schody  doporu\u010dit a to zejm\u00e9na, pokud byste si opravdu nev\u011bd\u011bli rady kudy, kam, pak je to vyu\u017e\u00edt toho, \u017ee m\u00e1te p\u0159ipojen\u00ed k internetu a naj\u00edt si fotografie realizovan\u00fdch projekt\u016f a tak\u00e9 recenze t\u011bch, kte\u0159\u00ed si n\u011bco takov\u00e9ho po\u0159\u00eddili. To v\u00e1m jist\u011b v\u00edce ne\u017e pom\u016f\u017ee vybrat to, co by v\u00e1m mohlo vyhovovat.Ur\u010dit\u011b je vhodn\u00e9 si na n\u011bco takov\u00e9ho vsadit, proto\u017ee v\u00e1m to m\u016f\u017ee pomoci mnoh\u00e9 odhalit.Mnoz\u00ed si mysl\u00ed, \u017ee u interi\u00e9rov\u00e9ho schodi\u0161t\u011b z\u00e1vis\u00ed pouze na estetice. Estetick\u00e9 hledisko ale nen\u00ed to jedin\u00e9, co je opravdu d\u016fle\u017eit\u00e9. Je toho mnohem v\u00edce.Myslet by se ur\u010dit\u011b m\u011blo i na v\u011bci jin\u00e9. D\u016fle\u017eit\u00e1 je nap\u0159\u00edklad bezpe\u010dnost.Skute\u010dn\u011b nev\u00e1hejte a pod\u00edvejte se, co ji\u017e bylo realizov\u00e1no a s \u010d\u00edm jsou lid\u00e9 spokojeni.Ur\u010dit\u011b je dobr\u00e9 p\u0159e\u010d\u00edst si i recenze, kter\u00e9 jsou negativn\u00ed, abyste v\u011bd\u011bli, s \u010d\u00edm se m\u016f\u017eete setkat.Interi\u00e9rov\u00e9 schody jsou skute\u010dn\u011b d\u016fle\u017eit\u00e9. Je velice pravd\u011bpodobn\u00e9, \u017ee je budete vyu\u017e\u00edvat ka\u017ed\u00fd v\u0161edn\u00ed den a tak by bylo vhodn\u00e9, aby byly dle va\u0161ich p\u0159edstav a aby spl\u0148ovaly v\u0161echny po\u017eadavky.M\u00e1te tak\u00e9 mo\u017enost vyu\u017e\u00edt toho, \u017ee jsou zde lid\u00e9, kte\u0159\u00ed se v t\u011bchto v\u011bcech vyznaj\u00ed a kte\u0159\u00ed v\u00e1m jist\u011b porad\u00ed a tak\u00e9 pomohou, pokud je popros\u00edte. Za zkou\u0161ku n\u011bco takov\u00e9ho opravdu stoj\u00ed, pokud chcete m\u00edt jistotu, \u017ee bude v\u0161e fungovat tak, jak m\u00e1.Skute\u010dn\u011b nev\u00e1hejte. Opravdu m\u016f\u017eete b\u00fdt se sv\u00fdm schodi\u0161t\u011bm spokojeni, pokud v\u00fdb\u011br nepodcen\u00edte.Nemus\u00edte se pot\u00fdkat s probl\u00e9my. Sta\u010d\u00ed jen m\u00edt v\u0161e dop\u0159edu promy\u0161leno.P\u0159em\u00fd\u0161let dop\u0159edu se opravdu vyplat\u00ed a to ka\u017ed\u00e9mu.                                                                                                                                                                                                                                                                                                                                                                                                 "},{"@context":"https:\/\/schema.org\/","@type":"BreadcrumbList","itemListElement":[{"@type":"ListItem","position":1,"name":"Interi\u00e9rov\u00e9 schody","item":"https:\/\/www.fixier.cz\/interierove-schody\/#breadcrumbitem"}]}]