[{"@context":"https:\/\/schema.org\/","@type":"Article","@id":"https:\/\/www.fixier.cz\/jak-moc-nam-zalezi-na-barve-vlasu\/#Article","mainEntityOfPage":"https:\/\/www.fixier.cz\/jak-moc-nam-zalezi-na-barve-vlasu\/","headline":"Jak moc n\u00e1m z\u00e1le\u017e\u00ed na barv\u011b vlas\u016f","name":"Jak moc n\u00e1m z\u00e1le\u017e\u00ed na barv\u011b vlas\u016f","description":"A\u010dkoliv je lidsk\u00e9 t\u011blo dokonal\u00e9, n\u011bkter\u00fdm z n\u00e1s nep\u0159ipad\u00e1 dostate\u010dn\u011b atraktivn\u00ed vzhled n\u011bkter\u00fdch t\u011blesn\u00fdch parti\u00ed a jednou z nich je pokr\u00fdvka hlavy. Barven\u00ed vlas\u016f se \u010dlov\u011bk v\u011bnoval ji\u017e ve starov\u011bku a dnes se m\u00f3dn\u00ed pr\u016fmysl soust\u0159edil i na toto velmi v\u00fdnosn\u00e9 odv\u011btv\u00ed v\u00fdroby. Na trhu se b\u011b\u017en\u011b setk\u00e1te s nejr\u016fzn\u011bj\u0161\u00edmi v\u00fdrobky, kter\u00e9 se odli\u0161uj\u00ed kvalitou, [&hellip;]","datePublished":"2025-03-01","dateModified":"2023-05-03","author":{"@type":"Person","@id":"https:\/\/www.fixier.cz\/author\/#Person","name":"","url":"https:\/\/www.fixier.cz\/author\/","identifier":1,"image":{"@type":"ImageObject","@id":"https:\/\/secure.gravatar.com\/avatar\/06473a178d94fb830b46e277369729e9534f2612e261ec2f1ee96b672ef473e2?s=96&d=mm&r=g","url":"https:\/\/secure.gravatar.com\/avatar\/06473a178d94fb830b46e277369729e9534f2612e261ec2f1ee96b672ef473e2?s=96&d=mm&r=g","height":96,"width":96}},"publisher":{"@type":"Organization","name":"fixier.cz","logo":{"@type":"ImageObject","@id":"\/logo.png","url":"\/logo.png","width":600,"height":60}},"image":{"@type":"ImageObject","@id":"https:\/\/www.fixier.cz\/wp-content\/uploads\/img_a328779_w2648_t1540920772.jpg","url":"https:\/\/www.fixier.cz\/wp-content\/uploads\/img_a328779_w2648_t1540920772.jpg","height":0,"width":0},"url":"https:\/\/www.fixier.cz\/jak-moc-nam-zalezi-na-barve-vlasu\/","wordCount":451,"articleBody":"A\u010dkoliv je lidsk\u00e9 t\u011blo dokonal\u00e9, n\u011bkter\u00fdm z n\u00e1s nep\u0159ipad\u00e1 dostate\u010dn\u011b atraktivn\u00ed vzhled n\u011bkter\u00fdch t\u011blesn\u00fdch parti\u00ed a jednou z nich je pokr\u00fdvka hlavy. Barven\u00ed vlas\u016f se \u010dlov\u011bk v\u011bnoval ji\u017e ve starov\u011bku a dnes se m\u00f3dn\u00ed pr\u016fmysl soust\u0159edil i na toto velmi v\u00fdnosn\u00e9 odv\u011btv\u00ed v\u00fdroby. Na trhu se b\u011b\u017en\u011b setk\u00e1te s nejr\u016fzn\u011bj\u0161\u00edmi v\u00fdrobky, kter\u00e9 se odli\u0161uj\u00ed kvalitou, typem a proveden\u00edm. Odborn\u00edci, zab\u00fdvaj\u00edc\u00ed se zdrav\u00fdm \u017eivotn\u00edm stylem, se v\u011bt\u0161inou shoduj\u00ed v pohledu na tuto problematiku a doporu\u010duj\u00ed rad\u011bji vlasy ponechat v p\u0159irozen\u00e9 podob\u011b, pouze je posilovat vhodn\u00fdmi \u0161etrn\u00fdmi p\u0159\u00edpravky, v\u010detn\u011b \u0161ampon\u016f a kondicion\u00e9r\u016f. Barven\u00ed je obecn\u011b pova\u017eov\u00e1no za z\u00e1sah do organismu, i kdy\u017e je p\u0159\u00edrodn\u00ed zp\u016fsob v\u017edy ten nej\u0161etrn\u011bj\u0161\u00ed.   Odbarvov\u00e1n\u00ed vlas\u016f Rozhodn\u011b nelze doporu\u010dit tuto proceduru v\u016fbec nikomu. P\u0159i odbarvov\u00e1n\u00ed toti\u017e doch\u00e1z\u00ed k drastick\u00e9mu po\u0161kozen\u00ed vlasov\u00e9ho pigmentu a z\u00e1rove\u0148 k v\u00fdrazn\u00e9mu oslaben\u00ed jeho pojivov\u00e9 tk\u00e1n\u011b. Chemick\u00e9 l\u00e1tky nav\u00edc pronikaj\u00ed poko\u017ekou do krevn\u00edho ob\u011bhu a m\u016f\u017ee doj\u00edt i k nep\u0159im\u011b\u0159en\u00fdm alergick\u00fdm reakc\u00edm.  Amoniak V sou\u010dasn\u00e9 dob\u011b je na trhu na\u0161t\u011bst\u00ed dostatek p\u0159\u00edrodn\u00edch prost\u0159edk\u016f, kter\u00e9 amoniak neobsahuj\u00ed. Tento chemick\u00fd odpadn\u00ed produkt metabolismu toti\u017e op\u011btovn\u011b naru\u0161uje vlasovou strukturu a p\u0159irozenou pigmentaci. Chemik\u00e1lie s p\u0159\u00edm\u011bs\u00ed amoniaku pak tento pigment nahrad\u00ed jin\u00fdm, ale rozhodn\u011b nep\u0159irozen\u00fdm. Mus\u00edte si uv\u011bdomit, \u017ee se jedn\u00e1 o z\u00e1sah do citliv\u00e9ho \u017eiv\u00e9ho organismu, vlasy a ochlupen\u00ed jsou jak\u00fdmsi poz\u016fstatkem srsti ze zv\u00ed\u0159ec\u00ed \u0159\u00ed\u0161e, i kdy\u017e nejsou opat\u0159eny nervov\u00fdm zakon\u010den\u00edm.  Henna Barven\u00ed pokr\u00fdvky hlavy Hennou je pova\u017eov\u00e1no za jednu z nej\u0161etrn\u011bj\u0161\u00edch metod, ov\u0161em v t\u00e9to souvislosti bu\u010fte opatrn\u00ed p\u0159edev\u0161\u00edm p\u0159i zji\u0161\u0165ov\u00e1n\u00ed slo\u017een\u00ed barvy. Do n\u011bkter\u00fdch se toti\u017e p\u0159id\u00e1v\u00e1 um\u011bl\u00e9 barvivo, aby byl v\u00fdsledn\u00fd efekt v\u00edce markantn\u00ed. N\u011bkdy m\u016f\u017ee doj\u00edt k alergick\u00e9 ko\u017en\u00ed reakci, v\u00fdjime\u010dn\u011b k anafylaktick\u00e9mu \u0161oku, proto se doporu\u010duje nejprve aplikovat vzorek barviva na z\u00e1p\u011bst\u00ed. Z hlediska po\u0161kozen\u00ed vlasov\u00e9 tk\u00e1n\u011b je tak\u00e9 vhodn\u00e9 rozhodnout se, jak\u00fd typ procedury zvolit, zda p\u016fjde o trvalou, nebo pouze do\u010dasnou formu. Pochopiteln\u011b v\u00edce \u0161kodliv\u00e1 je ta trval\u00e1, nebo\u0165 v\u011bt\u0161inou m\u011bn\u00ed samotnou strukturu vlas\u016f.                                                                                                                                                                                                                                                                                                                                                                                         4.4\/5 - (9 votes)        "},{"@context":"https:\/\/schema.org\/","@type":"BreadcrumbList","itemListElement":[{"@type":"ListItem","position":1,"name":"Jak moc n\u00e1m z\u00e1le\u017e\u00ed na barv\u011b vlas\u016f","item":"https:\/\/www.fixier.cz\/jak-moc-nam-zalezi-na-barve-vlasu\/#breadcrumbitem"}]}]