[{"@context":"https:\/\/schema.org\/","@type":"Article","@id":"https:\/\/www.fixier.cz\/kam-zavesit-aerarium\/#Article","mainEntityOfPage":"https:\/\/www.fixier.cz\/kam-zavesit-aerarium\/","headline":"Kam zav\u011bsit aer\u00e1rium","name":"Kam zav\u011bsit aer\u00e1rium","description":"Nad psac\u00ed st\u016fl \u2013 \u017eiv\u00e9 rostliny b\u00fdvaj\u00ed inspirac\u00ed mnoha lidem p\u0159i pr\u00e1ci v pr\u016fb\u011bhu sedav\u00e9ho zam\u011bstn\u00e1n\u00ed v kancel\u00e1\u0159\u00edch i v dom\u00e1cnosti. Jsou \u010dast\u00fdm hostem p\u0159\u00edmo na stole v kv\u011btin\u00e1\u010di nebo b\u00fdvaj\u00ed v bl\u00edzkosti stolu na n\u011bjak\u00e9 poli\u010dce. Aer\u00e1rium je skv\u011blou mo\u017enost\u00ed, jak uvolnit prostor na psac\u00edm stole nebo v jeho bl\u00edzkosti a m\u00edt p\u0159itom rostlinu [&hellip;]","datePublished":"2021-08-11","dateModified":"2023-05-03","author":{"@type":"Person","@id":"https:\/\/www.fixier.cz\/author\/#Person","name":"","url":"https:\/\/www.fixier.cz\/author\/","identifier":1,"image":{"@type":"ImageObject","@id":"https:\/\/secure.gravatar.com\/avatar\/06473a178d94fb830b46e277369729e9534f2612e261ec2f1ee96b672ef473e2?s=96&d=mm&r=g","url":"https:\/\/secure.gravatar.com\/avatar\/06473a178d94fb830b46e277369729e9534f2612e261ec2f1ee96b672ef473e2?s=96&d=mm&r=g","height":96,"width":96}},"publisher":{"@type":"Organization","name":"fixier.cz","logo":{"@type":"ImageObject","@id":"\/logo.png","url":"\/logo.png","width":600,"height":60}},"image":{"@type":"ImageObject","@id":"https:\/\/www.fixier.cz\/wp-content\/uploads\/aer%C3%A1rium%20na%20stole.jpg","url":"https:\/\/www.fixier.cz\/wp-content\/uploads\/aer%C3%A1rium%20na%20stole.jpg","height":0,"width":0},"url":"https:\/\/www.fixier.cz\/kam-zavesit-aerarium\/","about":["V\u00fdrobky"],"wordCount":474,"articleBody":"        Nad psac\u00ed st\u016fl \u2013 \u017eiv\u00e9 rostliny b\u00fdvaj\u00ed inspirac\u00ed mnoha lidem p\u0159i pr\u00e1ci v pr\u016fb\u011bhu sedav\u00e9ho zam\u011bstn\u00e1n\u00ed v kancel\u00e1\u0159\u00edch i v dom\u00e1cnosti. Jsou \u010dast\u00fdm hostem p\u0159\u00edmo na stole v kv\u011btin\u00e1\u010di nebo b\u00fdvaj\u00ed v bl\u00edzkosti stolu na n\u011bjak\u00e9 poli\u010dce. Aer\u00e1rium je skv\u011blou mo\u017enost\u00ed, jak uvolnit prostor na psac\u00edm stole nebo v jeho bl\u00edzkosti a m\u00edt p\u0159itom rostlinu na o\u010d\u00edch. Zav\u011b\u0161en\u00e1 ze stropu v\u00e1m jist\u011b bude d\u011blat radost.Mezi z\u00e1clony do okna \u2013 velmi obl\u00edben\u00e9 t\u00e9ma je kuchy\u0148sk\u00e9 nebo koupelnov\u00e9 okno, kter\u00e9 b\u00fdv\u00e1 bu\u010f zcela odkryt\u00e9, nebo p\u0159epa\u017een\u00e9 jen z\u010d\u00e1sti dv\u011bma krajn\u00edmi z\u00e1clonami. Mezi nimi m\u016f\u017ee b\u00fdt zav\u011b\u0161eno i n\u011bkolik sklen\u011bn\u00fdch n\u00e1dob vedle sebe, v r\u016fzn\u00fdch v\u00fd\u0161k\u00e1ch, co\u017e m\u016f\u017ee b\u00fdt velmi uklid\u0148uj\u00edc\u00ed.Do ob\u00fdv\u00e1ku \u2013 do ob\u00fdvac\u00edho pokoje se hod\u00ed k vypln\u011bn\u00ed nevzhledn\u00fdch kout\u016f, jako dekorace ke konferen\u010dn\u00edmu stolku, ke stolku s televiz\u00ed i k jin\u00e9mu n\u00e1bytku. Aer\u00e1ria tu mohou b\u00fdt upravena jako kask\u00e1da, zav\u011b\u0161en\u00e1 pod sebou a vytv\u00e1\u0159et zaj\u00edmavou kulisu nasv\u011btlenou barevn\u00fdm LED osv\u011btlen\u00edm.Jako p\u0159ed\u011bl mezi j\u00eddeln\u00edm koutem \u2013 zaj\u00edmav\u00e9 \u0159e\u0161en\u00ed je vytvo\u0159it pomysln\u00fd p\u0159ed\u011bl \u2013 st\u011bnu z kv\u011btin v kv\u011btin\u00e1\u010d\u00edch, sklen\u011bn\u00fdch misk\u00e1ch, \u010di ze zav\u011b\u0161en\u00fdch ter\u00e1ri\u00ed mezi koutem, kde se pod\u00e1v\u00e1 ob\u011bd \u010di ve\u010de\u0159e, a mezi kuchy\u0148skou linkou nebo ob\u00fdvac\u00edm pokojem. Kv\u011btinov\u00e1 aran\u017em\u00e1 neb\u00fdvaj\u00ed obvykle nijak ru\u0161iv\u00e1, kdy\u017e se vol\u00ed citliv\u011b barva n\u00e1dob, co\u017e je u sklen\u011bn\u00fdch ban\u011bk docela pravidlem. D\u011btem do pokoje \u2013 d\u011bti \u0161koln\u00edho v\u011bku se t\u00edmto zp\u016fsobem mohou seznamovat s \u017eiv\u00fdmi rostlinami a mohou o n\u011b starostliv\u011b pe\u010dovat pod dohledem rodi\u010d\u016f a pozd\u011bji i samostatn\u011b. Je to jedna ze skv\u011bl\u00fdch mo\u017enost\u00ed, jak d\u00e1t d\u011btem ur\u010ditou zodpov\u011bdnost a z\u00e1rove\u0148 je v\u00e9st k pozitivn\u00edmu vztahu k \u017eiv\u00fdm bytostem, podobn\u011b jako nap\u0159. u kl\u00ed\u010den\u00ed \u017eiv\u00fdch sem\u00ednek nebo p\u0159i p\u00e9\u010di o n\u011bjak\u00e9 zv\u00ed\u0159\u00e1tko.Pod pergolu \u010di alt\u00e1n \u2013 pokud jsou pergola \u010di alt\u00e1n um\u00edst\u011bn\u00e9 mimo dosah v\u011btru a de\u0161t\u011b, mohou tu aer\u00e1ria dotv\u00e1\u0159et p\u0159\u00edjemn\u00e9 prost\u0159ed\u00ed ve venkovn\u00edm prost\u0159ed\u00ed. Mimo jin\u00e9 lze aer\u00e1ria zav\u011b\u0161ovat i do zimn\u00ed zahrady, pochopiteln\u011b s ohledem na vhodnou teplotu vzduchu, co\u017e samoz\u0159ejm\u011b plat\u00ed i o venkovn\u00ed prost\u0159ed\u00ed, kter\u00e9 je vhodn\u00e9 pouze jako sezonn\u00ed.                                                                                                                                                                                                                                                                                                                                                                                          4.6\/5 - (10 votes)        "},{"@context":"https:\/\/schema.org\/","@type":"BreadcrumbList","itemListElement":[{"@type":"ListItem","position":1,"name":"Kam zav\u011bsit aer\u00e1rium","item":"https:\/\/www.fixier.cz\/kam-zavesit-aerarium\/#breadcrumbitem"}]}]