[{"@context":"https:\/\/schema.org\/","@type":"Article","@id":"https:\/\/www.fixier.cz\/kolik-ma-kdo-na-hodinu\/#Article","mainEntityOfPage":"https:\/\/www.fixier.cz\/kolik-ma-kdo-na-hodinu\/","headline":"Kolik m\u00e1 kdo na hodinu?","name":"Kolik m\u00e1 kdo na hodinu?","description":"Lid\u00e9 nedoch\u00e1zej\u00ed do zam\u011bstn\u00e1n\u00ed jenom tak pro z\u00e1bavu nebo proto, \u017ee by bez pr\u00e1ce nemohli b\u00fdt. \u010cin\u00ed tak v\u00fdhradn\u011b nebo aspo\u0148 v prvn\u00ed \u0159ad\u011b proto, \u017ee si t\u00edmto po\u010d\u00edn\u00e1n\u00edm cht\u011bj\u00ed zajistit prost\u0159edky na svoji ob\u017eivu, cht\u011bj\u00ed si tu vyd\u011blat. A proto\u017ee \u017eivot n\u011bco stoj\u00ed, vyb\u00edraj\u00ed si zam\u011bstn\u00e1n\u00ed, ve kter\u00e9m si vyd\u011blaj\u00ed podle sv\u00e9ho n\u00e1zoru dost. [&hellip;]","datePublished":"2021-06-09","dateModified":"2023-05-03","author":{"@type":"Person","@id":"https:\/\/www.fixier.cz\/author\/#Person","name":"","url":"https:\/\/www.fixier.cz\/author\/","identifier":1,"image":{"@type":"ImageObject","@id":"https:\/\/secure.gravatar.com\/avatar\/06473a178d94fb830b46e277369729e9534f2612e261ec2f1ee96b672ef473e2?s=96&d=mm&r=g","url":"https:\/\/secure.gravatar.com\/avatar\/06473a178d94fb830b46e277369729e9534f2612e261ec2f1ee96b672ef473e2?s=96&d=mm&r=g","height":96,"width":96}},"publisher":{"@type":"Organization","name":"fixier.cz","logo":{"@type":"ImageObject","@id":"\/logo.png","url":"\/logo.png","width":600,"height":60}},"image":{"@type":"ImageObject","@id":"https:\/\/www.fixier.cz\/wp-content\/uploads\/anglick%C3%A9%20mince.jpg","url":"https:\/\/www.fixier.cz\/wp-content\/uploads\/anglick%C3%A9%20mince.jpg","height":0,"width":0},"url":"https:\/\/www.fixier.cz\/kolik-ma-kdo-na-hodinu\/","about":["Slu\u017eby"],"wordCount":417,"articleBody":"     Lid\u00e9 nedoch\u00e1zej\u00ed do zam\u011bstn\u00e1n\u00ed jenom tak pro z\u00e1bavu nebo proto, \u017ee by bez pr\u00e1ce nemohli b\u00fdt. \u010cin\u00ed tak v\u00fdhradn\u011b nebo aspo\u0148 v prvn\u00ed \u0159ad\u011b proto, \u017ee si t\u00edmto po\u010d\u00edn\u00e1n\u00edm cht\u011bj\u00ed zajistit prost\u0159edky na svoji ob\u017eivu, cht\u011bj\u00ed si tu vyd\u011blat. A proto\u017ee \u017eivot n\u011bco stoj\u00ed, vyb\u00edraj\u00ed si zam\u011bstn\u00e1n\u00ed, ve kter\u00e9m si vyd\u011blaj\u00ed podle sv\u00e9ho n\u00e1zoru dost. A pokud cht\u011bj\u00ed m\u00edt dost, tou\u017e\u00ed p\u0159edev\u0161\u00edm po dostate\u010dn\u011b vysok\u00e9 pevn\u00e9 slo\u017ece platu, kterou by m\u011bli za v\u0161ech okolnost\u00ed dostat. Podobn\u011b jako u holub\u016f a vrabc\u016f tu toti\u017e plat\u00ed, \u017ee je lep\u0161\u00ed tarif v hrsti, ne\u017eli pohybliv\u00e1 slo\u017eka ve hv\u011bzd\u00e1ch.Zaj\u00edmav\u00e9 je pak pro takov\u00e9 zam\u011bstnance nejen to, kolik si vyd\u011blaj\u00ed, jako i to, jak\u00e1 je jejich hodinov\u00e1 mzda. Proto\u017ee jak m\u016f\u017ee v\u00fdpo\u010det \u010dist\u00e9 mzdy na hodinu uk\u00e1zat, nen\u00ed zam\u011bstn\u00e1n\u00ed jako zam\u011bstn\u00e1n\u00ed. I kdy\u017e dva lid\u00e9 d\u011blaj\u00ed tot\u00e9\u017e, nedostanou v\u017edy tot\u00e9\u017e, respektive na tut\u00e9\u017e v\u00fdplatu d\u011bl\u00e1 n\u011bkdo od nevid\u00edm do nevid\u00edm, zat\u00edmco ji m\u00e1 n\u011bkdo jin\u00fd v kapse, i kdy\u017e se pomysln\u011b v pr\u00e1ci ani neoh\u0159eje.Ka\u017ed\u00fd, kdo pracuje na hlavn\u00ed pracovn\u00ed pom\u011br, \u010di uzav\u0159el se sv\u00fdm zam\u011bstnavatelem n\u011bjakou pracovn\u00ed dohodu, pak m\u00e1 z\u00e1konem zaji\u0161t\u011bnu minim\u00e1ln\u00ed mzdu a tak\u00e9 zaru\u010den\u00fd hodinov\u00fd p\u0159\u00edjem, pod kter\u00fd odm\u011bna za pr\u00e1ci nesm\u00ed klesnout. Je tomu tak proto, aby nebyla ohro\u017eena ni\u010d\u00ed \u017eivotn\u00ed \u00farove\u0148, aby ka\u017ed\u00fd mohl \u017e\u00edt jako \u010dlov\u011bk.Mo\u017en\u00e1 je to dob\u0159e, mo\u017en\u00e1 tak\u00e9 ne. To jak se to vezme. Je toti\u017e na jednu stranu relativn\u011b nepochopiteln\u00e9, \u017ee by m\u011bl leckdo \u017e\u00edt takzvan\u00fdm norm\u00e1ln\u00edm \u017eivotem za t\u011bch \u0159\u00e1dov\u011b patn\u00e1ct tis\u00edc m\u011bs\u00ed\u010dn\u011b, je\u017e \u010din\u00ed minim\u00e1ln\u00ed mzda p\u0159i pr\u016fm\u011brn\u00e9 hodinov\u00e9 mzd\u011b 90,50 K\u010d, na druhou stranu je ale samoz\u0159ejm\u011b logick\u00e9, \u017ee je cel\u00e1 \u0159ada profes\u00ed, u nich\u017e se nevyplat\u00ed zam\u011bstnat n\u011bkoho vzhledem k tomu, \u017ee jeho \u010dinnost nevynese ani tolik. A tak to leckdy zask\u0159\u00edpe.Ale nic na sv\u011bt\u011b nen\u00ed dokonal\u00e9. A tak m\u016f\u017eeme b\u00fdt sp\u00ed\u0161e r\u00e1di, \u017ee je tu aspo\u0148 n\u011bjak\u00fd limit nastaven. Kdo v\u00ed, za kolik bychom jinak byli nuceni pracovat.                                                                                                                                                                                                                                                                                                                                                                                          4.4\/5 - (9 votes)        "},{"@context":"https:\/\/schema.org\/","@type":"BreadcrumbList","itemListElement":[{"@type":"ListItem","position":1,"name":"Kolik m\u00e1 kdo na hodinu?","item":"https:\/\/www.fixier.cz\/kolik-ma-kdo-na-hodinu\/#breadcrumbitem"}]}]