[{"@context":"https:\/\/schema.org\/","@type":"Article","@id":"https:\/\/www.fixier.cz\/mala-koupelna-zadny-problem\/#Article","mainEntityOfPage":"https:\/\/www.fixier.cz\/mala-koupelna-zadny-problem\/","headline":"Mal\u00e1 koupelna? \u017d\u00e1dn\u00fd probl\u00e9m","name":"Mal\u00e1 koupelna? \u017d\u00e1dn\u00fd probl\u00e9m","description":"N\u011bkter\u00e9 m\u00edstnosti v dom\u011b nebo byt\u011b se daj\u00ed docela dob\u0159e postr\u00e1dat. Jestli\u017ee vlastn\u00edme opravdu mal\u00fd byt, ur\u010dit\u011b nebudeme baz\u00edrovat na tom, abychom m\u011bli kuchy\u0148 i j\u00eddelnu. Ob\u011b m\u00edstnosti se p\u0159eci daj\u00ed docela dob\u0159e spojit v jednu a m\u016f\u017ee to vypadat naprosto vkusn\u011b. o\u00a0\u00a0 Bez \u010deho ale rozhodn\u011b nen\u00ed dne\u0161n\u00ed \u017eivot mo\u017en\u00fd? \u00a7\u00a0 Je to koupelna. [&hellip;]","datePublished":"2020-09-21","dateModified":"2023-05-03","author":{"@type":"Person","@id":"https:\/\/www.fixier.cz\/author\/#Person","name":"","url":"https:\/\/www.fixier.cz\/author\/","identifier":1,"image":{"@type":"ImageObject","@id":"https:\/\/secure.gravatar.com\/avatar\/06473a178d94fb830b46e277369729e9534f2612e261ec2f1ee96b672ef473e2?s=96&d=mm&r=g","url":"https:\/\/secure.gravatar.com\/avatar\/06473a178d94fb830b46e277369729e9534f2612e261ec2f1ee96b672ef473e2?s=96&d=mm&r=g","height":96,"width":96}},"publisher":{"@type":"Organization","name":"fixier.cz","logo":{"@type":"ImageObject","@id":"\/logo.png","url":"\/logo.png","width":600,"height":60}},"image":{"@type":"ImageObject","@id":"https:\/\/www.fixier.cz\/wp-content\/uploads\/img_a294377_w1724_t1506343322.jpg","url":"https:\/\/www.fixier.cz\/wp-content\/uploads\/img_a294377_w1724_t1506343322.jpg","height":0,"width":0},"url":"https:\/\/www.fixier.cz\/mala-koupelna-zadny-problem\/","about":["D\u016fm a zahrada"],"wordCount":403,"articleBody":"\tN\u011bkter\u00e9 m\u00edstnosti v dom\u011b nebo byt\u011b se daj\u00ed docela dob\u0159e postr\u00e1dat. Jestli\u017ee vlastn\u00edme opravdu mal\u00fd byt, ur\u010dit\u011b nebudeme baz\u00edrovat na tom, abychom m\u011bli kuchy\u0148 i j\u00eddelnu. Ob\u011b m\u00edstnosti se p\u0159eci daj\u00ed docela dob\u0159e spojit v jednu a m\u016f\u017ee to vypadat naprosto vkusn\u011b.\to\u00a0\u00a0 Bez \u010deho ale rozhodn\u011b nen\u00ed dne\u0161n\u00ed \u017eivot mo\u017en\u00fd?\t\t\u00a7\u00a0 Je to koupelna.\tJe pravda, \u017ee do n\u00ed m\u016f\u017eeme um\u00edstit toaletu, ale rozhodn\u011b ji nem\u016f\u017eeme zakomponovat do n\u011bjak\u00e9 jin\u00e9 m\u00edstnosti. Koupelna je prost\u011b nepostradateln\u00e1. A jestli\u017ee m\u00e1me opravdu omezen\u00e9 prostory, budeme muset ekonomicky p\u0159em\u00fd\u0161let p\u0159i za\u0159izov\u00e1n\u00ed koupelny. A\u010dkoliv jsou dnes modern\u00ed umyvadla, kter\u00e1 jsou um\u00edst\u011bna na desku, st\u00edsn\u011bn\u00e9 prostory n\u00e1m to rozhodn\u011b neumo\u017en\u00ed. Budeme muset z\u016fstat u klasiky \u2013 koupelnov\u00e9 sk\u0159\u00ed\u0148ky.\to\u00a0\u00a0 M\u00edsto m\u016f\u017eeme u\u0161et\u0159it t\u00edm, \u017ee pr\u00e1v\u011b pod umyvadlo um\u00edst\u00edme stolek nebo otev\u0159en\u00fd reg\u00e1l.\to\u00a0\u00a0 Do tohoto prostoru se nejl\u00e9pe hod\u00ed jako materi\u00e1l bambus nebo chromovan\u00fd kov.\to\u00a0\u00a0 Zaj\u00edmav\u00fdm \u0159e\u0161en\u00edm mohou b\u00fdt teleskopick\u00e9 ty\u010de na su\u0161en\u00ed ru\u010dn\u00edk\u016f.\t&#8211;\u00a0\u00a0\u00a0\u00a0\u00a0\u00a0\u00a0\u00a0 Po pou\u017eit\u00ed budou op\u011bt neviditeln\u00e9.\t\tI ko\u0161 na pr\u00e1dlo je d\u016fle\u017eit\u00fdm dopl\u0148kem\u010c\u00edm men\u0161\u00ed prostor, t\u00edm v\u00edce vyniknou v\u0161echny jeho nedostatky. Proto je ur\u010dit\u011b t\u0159eba \u0159e\u0161it i ty nejmen\u0161\u00ed detaily. Poli\u010dkami po\u010d\u00ednaje a ko\u0161i na \u0161pinav\u00e9 pr\u00e1dlo kon\u010de.\u00a7\u00a0 I ko\u0161 m\u016f\u017ee koupelnu pozvednout, nebo naopak jej\u00ed eleganci zcela poh\u0159b\u00edt.Do koupelen, jej\u00ed\u017e majitel zvolil rustik\u00e1ln\u00ed styl, se jist\u011b bude nejl\u00e9pe hodit d\u0159ev\u011bn\u00e1 sk\u0159\u00ed\u0148ka, kter\u00e1 m\u00e1 n\u011bkolik funkc\u00ed.a)\u00a0\u00a0\u00a0\u00a0 Pokud odklop\u00edme v\u00edko, m\u00e1me prostor pro \u0161pinav\u00e9 pr\u00e1dlo.b)\u00a0\u00a0\u00a0 Jestli\u017ee v\u00edko p\u0159iklop\u00edme, m\u00e1me prostor pro n\u00e1\u0161 odpo\u010dinek.Vyznava\u010d\u016fm p\u0159\u00edrodn\u00edch materi\u00e1l\u016f ur\u010dit\u011b tak\u00e9 skv\u011ble zapadne do koupelny ko\u0161, kter\u00fd m\u00e1 v\u00e1lcov\u00fd tvar a je vyroben\u00fd z lakovan\u00e9ho bambusu. Tento ko\u0161 m\u00e1 jednu velkou v\u00fdhodu \u2013 pokud nem\u00e1te moment\u00e1ln\u011b nic, co byste do n\u011bho mohli d\u00e1t, jednodu\u0161e ho slo\u017e\u00edte a uklid\u00edte. Mo\u017enost\u00ed, jak vyu\u017e\u00edt vkusn\u011b i mal\u00e9 prostory, je ur\u010dit\u011b nep\u0159ebern\u00e9 mno\u017estv\u00ed.                                                                                                                                                                                                                                                                                                                                                                                        4.4\/5 - (13 votes)        "},{"@context":"https:\/\/schema.org\/","@type":"BreadcrumbList","itemListElement":[{"@type":"ListItem","position":1,"name":"Mal\u00e1 koupelna? \u017d\u00e1dn\u00fd probl\u00e9m","item":"https:\/\/www.fixier.cz\/mala-koupelna-zadny-problem\/#breadcrumbitem"}]}]