[{"@context":"https:\/\/schema.org\/","@type":"Article","@id":"https:\/\/www.fixier.cz\/prvni-vzpominka-na-detstvi-je-pro-mnoho-z-nas-piskoviste\/#Article","mainEntityOfPage":"https:\/\/www.fixier.cz\/prvni-vzpominka-na-detstvi-je-pro-mnoho-z-nas-piskoviste\/","headline":"Prvn\u00ed vzpom\u00ednka na d\u011btstv\u00ed je pro mnoho z n\u00e1s p\u00edskovi\u0161t\u011b","name":"Prvn\u00ed vzpom\u00ednka na d\u011btstv\u00ed je pro mnoho z n\u00e1s p\u00edskovi\u0161t\u011b","description":"Tak schv\u00e1ln\u011b! Co se V\u00e1m vybav\u00ed pod slovem p\u00edsek nebo p\u00edskovi\u0161t\u011b? Ur\u010dit\u011b budeme za jedno, kdy\u017e \u0159eknu, \u017ee prvn\u00ed vzpom\u00ednka na d\u011btstv\u00ed. Pr\u00e1v\u011b zde \u0159ada z n\u00e1s na\u0161la sv\u00e9 prvn\u00ed kamar\u00e1dy, se kter\u00fdmi jsme si vyhr\u00e1li mnoho \u010dasu. Maminky mohly tehdy ratolesti sm\u011ble vypustit a v\u011bd\u011bly, \u017ee se nic nem\u016f\u017ee st\u00e1t. Dokonce i dnes jsou [&hellip;]","datePublished":"2022-10-16","dateModified":"2023-05-03","author":{"@type":"Person","@id":"https:\/\/www.fixier.cz\/author\/#Person","name":"","url":"https:\/\/www.fixier.cz\/author\/","identifier":1,"image":{"@type":"ImageObject","@id":"https:\/\/secure.gravatar.com\/avatar\/06473a178d94fb830b46e277369729e9534f2612e261ec2f1ee96b672ef473e2?s=96&d=mm&r=g","url":"https:\/\/secure.gravatar.com\/avatar\/06473a178d94fb830b46e277369729e9534f2612e261ec2f1ee96b672ef473e2?s=96&d=mm&r=g","height":96,"width":96}},"publisher":{"@type":"Organization","name":"fixier.cz","logo":{"@type":"ImageObject","@id":"\/logo.png","url":"\/logo.png","width":600,"height":60}},"image":{"@type":"ImageObject","@id":"https:\/\/www.fixier.cz\/wp-content\/uploads\/p%C3%ADskovi%C5%A1t%C4%9B%20s%C3%ADdli%C5%A1t%C4%9B.jpg","url":"https:\/\/www.fixier.cz\/wp-content\/uploads\/p%C3%ADskovi%C5%A1t%C4%9B%20s%C3%ADdli%C5%A1t%C4%9B.jpg","height":0,"width":0},"url":"https:\/\/www.fixier.cz\/prvni-vzpominka-na-detstvi-je-pro-mnoho-z-nas-piskoviste\/","about":["Slu\u017eby"],"wordCount":450,"articleBody":"        Tak schv\u00e1ln\u011b! Co se V\u00e1m vybav\u00ed pod slovem p\u00edsek nebo p\u00edskovi\u0161t\u011b?Ur\u010dit\u011b budeme za jedno, kdy\u017e \u0159eknu, \u017ee prvn\u00ed vzpom\u00ednka na d\u011btstv\u00ed. Pr\u00e1v\u011b zde \u0159ada z n\u00e1s na\u0161la sv\u00e9 prvn\u00ed kamar\u00e1dy, se kter\u00fdmi jsme si vyhr\u00e1li mnoho \u010dasu. Maminky mohly tehdy ratolesti sm\u011ble vypustit a v\u011bd\u011bly, \u017ee se nic nem\u016f\u017ee st\u00e1t. Dokonce i dnes jsou p\u00edskovi\u0161t\u011b z\u00e1libou tak\u00e9 velmi mal\u00fdch d\u011bt\u00ed. Stav\u011bn\u00ed hrad\u016f, pl\u00e1c\u00e1n\u00ed b\u00e1bovi\u010dek s \u0159\u00edkanky, nebo i zahrab\u00e1v\u00e1n\u00ed se do p\u00edsku byla v\u017edy velmi radostn\u00e1 aktivita d\u011bt\u00ed. Bylo to v\u017edy takov\u00e9 z\u00e1chytn\u00e9 m\u00edsto, kdy\u017e jste si cht\u011bli d\u00e1t s d\u011btmi sraz a mobily je\u0161t\u011b nebyly &#8211; v\u0161ichni se v\u017edy setkali na p\u00edskovi\u0161ti. Sv\u00fdm zp\u016fsobem to byla ur\u010dit\u011b lep\u0161\u00ed a klidn\u011bj\u0161\u00ed doba, ne\u017e dne\u0161n\u00ed hektick\u00e1 &#8211; ne v\u0161echny d\u011bti si d\u011btstv\u00ed v dne\u0161n\u00ed dob\u011b u\u017eij\u00ed tolik, co nap\u0159\u00edklad p\u0159ed 30 lety. Nicm\u00e9n\u011b p\u00edskovi\u0161t\u011b tady bylo u\u017e d\u00e1vno a bude tady zkr\u00e1tka st\u00e1le i po n\u00e1s takovou jistotou mezi d\u011btmi. Spousta p\u00edskovi\u0161\u0165 nap\u0159\u00edklad na s\u00eddli\u0161t\u00edch byla ter\u010dem hlavn\u011b pejsk\u016f a ko\u010di\u010dek, kte\u0159\u00ed si ho zam\u011bnili s tr\u00e1vou, patn\u00edkem nebo stelivem pro ko\u010dky, a proto jsme v n\u011bm \u010dasto nach\u00e1zeli nemil\u00e9 zv\u00ed\u0159ec\u00ed poklady. A pr\u00e1v\u011b pro tyto p\u0159\u00edpady se seznamte s P\u00edskovi\u0161t\u011b s krytem. S t\u00edmto d\u011btsk\u00fdm p\u00edskovi\u0161t\u011bm se V\u00e1m nikdy nestane, \u017ee byste druh\u00fd den na\u0161li exkrementy nebo jin\u00e9 nelibosti.Ochrann\u00fd kryt ochr\u00e1n\u00ed cel\u00e9 p\u00edskovi\u0161t\u011b s krytem https:\/\/www.detskahriste.cz\/piskoviste-s-krytem\/ a Vy m\u016f\u017eete sv\u00e9 d\u00edt\u011b nechat bezpe\u010dn\u011b si hr\u00e1t ani\u017e by si hr\u00e1lo s n\u011b\u010d\u00edm, co rozhodn\u011b k hran\u00ed nen\u00ed. Vyb\u00edrat m\u016f\u017eete z n\u011bkolika variant rozm\u011br\u016f a barev, aby V\u00e1m p\u00edskovi\u0161t\u011b ladilo s exteri\u00e9rem, a tak\u00e9 s mo\u017enost\u00ed \u00fapln\u00e9ho nebo \u010d\u00e1ste\u010dn\u00e9ho odkryt\u00ed deklu. M\u016f\u017eete si b\u00fdt tedy jisti, \u017ee p\u00edskovi\u0161t\u011b bude vypadat na Va\u0161\u00ed zahrad\u011b skv\u011ble! Pak sta\u010d\u00ed jen dokoupit textilii na spodek p\u00edskovi\u0161t\u011b, kterou v\u00fdrobce doporu\u010duje kv\u016fli nemo\u017enosti pror\u016fst\u00e1n\u00ed tr\u00e1vy, p\u00edsek a hra\u010dky do p\u00edsku a z\u00e1bava s Va\u0161imi d\u011btmi a t\u0159eba i sousedy a kamar\u00e1dy, kte\u0159\u00ed nemaj\u00ed zahradu, m\u016f\u017ee za\u010d\u00edt!                                                                                                                                                                                                                                                                                                                                                                                          4.4\/5 - (11 votes)        "},{"@context":"https:\/\/schema.org\/","@type":"BreadcrumbList","itemListElement":[{"@type":"ListItem","position":1,"name":"Prvn\u00ed vzpom\u00ednka na d\u011btstv\u00ed je pro mnoho z n\u00e1s p\u00edskovi\u0161t\u011b","item":"https:\/\/www.fixier.cz\/prvni-vzpominka-na-detstvi-je-pro-mnoho-z-nas-piskoviste\/#breadcrumbitem"}]}]