[{"@context":"https:\/\/schema.org\/","@type":"Article","@id":"https:\/\/www.fixier.cz\/stojany-na-kola\/#Article","mainEntityOfPage":"https:\/\/www.fixier.cz\/stojany-na-kola\/","headline":"Stojany na kola","name":"Stojany na kola","description":"U\u010di\u0148te definitivn\u011b p\u0159\u00edtr\u017e zmatk\u016fm p\u0159i parkov\u00e1n\u00ed kol a opat\u0159ete sv\u016fj are\u00e1l praktickou v\u00fdbavou, kterou p\u0159edstavuj\u00ed stojany na kola. Jednodu\u0161e \u0159e\u0161en\u00fd syst\u00e9m zaru\u010duje ide\u00e1ln\u00ed u\u017eivatelsk\u00fd komfort a pro provozovatele nen\u00e1ro\u010dnou \u00fadr\u017ebu, kter\u00e1 pramen\u00ed p\u0159edev\u0161\u00edm z pou\u017eit\u00ed kvalitn\u00edch materi\u00e1l\u016f p\u0159i v\u00fdrob\u011b a dokonal\u00e9 povrchov\u00e9 \u00faprav\u011b, kter\u00e1 odol\u00e1v\u00e1 v\u0161em klimatick\u00fdch okolnostem. O\u010d se jedn\u00e1? Optim\u00e1ln\u00ed konstruk\u010dn\u00ed \u0159e\u0161en\u00ed nab\u00edzej\u00ed [&hellip;]","datePublished":"2025-01-02","dateModified":"2025-01-02","author":{"@type":"Person","@id":"https:\/\/www.fixier.cz\/author\/#Person","name":"","url":"https:\/\/www.fixier.cz\/author\/","identifier":1,"image":{"@type":"ImageObject","@id":"https:\/\/secure.gravatar.com\/avatar\/06473a178d94fb830b46e277369729e9534f2612e261ec2f1ee96b672ef473e2?s=96&d=mm&r=g","url":"https:\/\/secure.gravatar.com\/avatar\/06473a178d94fb830b46e277369729e9534f2612e261ec2f1ee96b672ef473e2?s=96&d=mm&r=g","height":96,"width":96}},"publisher":{"@type":"Organization","name":"fixier.cz","logo":{"@type":"ImageObject","@id":"\/logo.png","url":"\/logo.png","width":600,"height":60}},"url":"https:\/\/www.fixier.cz\/stojany-na-kola\/","wordCount":177,"articleBody":" U\u010di\u0148te definitivn\u011b p\u0159\u00edtr\u017e zmatk\u016fm p\u0159i parkov\u00e1n\u00ed kol a opat\u0159ete sv\u016fj are\u00e1l praktickou v\u00fdbavou, kterou p\u0159edstavuj\u00ed stojany na kola. Jednodu\u0161e \u0159e\u0161en\u00fd syst\u00e9m zaru\u010duje ide\u00e1ln\u00ed u\u017eivatelsk\u00fd komfort a pro provozovatele nen\u00e1ro\u010dnou \u00fadr\u017ebu, kter\u00e1 pramen\u00ed p\u0159edev\u0161\u00edm z pou\u017eit\u00ed kvalitn\u00edch materi\u00e1l\u016f p\u0159i v\u00fdrob\u011b a dokonal\u00e9 povrchov\u00e9 \u00faprav\u011b, kter\u00e1 odol\u00e1v\u00e1 v\u0161em klimatick\u00fdch okolnostem. O\u010d se jedn\u00e1? Optim\u00e1ln\u00ed konstruk\u010dn\u00ed \u0159e\u0161en\u00ed nab\u00edzej\u00ed stojany na kola, kter\u00e9 jsou z\u00e1rukou praktick\u00e9 funk\u010dnosti, kter\u00e1 sk\u00fdt\u00e1 mo\u017enost ukl\u00e1d\u00e1n\u00ed kol kolmo i \u0161ikmo. N\u011bkter\u00e9 modely p\u0159edstavuj\u00ed luxusn\u00ed zpracov\u00e1n\u00ed formou mo\u017enosti nastavit si \u00fahel st\u00e1n\u00ed podle pot\u0159eby. Inspirujte se skv\u011blou p\u0159\u00edle\u017eitost\u00ed vybrat si konkr\u00e9tn\u00ed alternativu z internetov\u00e9ho prodeje. Optim\u00e1ln\u00ed tip Zjist\u011bte si, jak\u00e9 varianty v produktov\u00e9 \u0159ad\u011b stojany na kola nab\u00edzej\u00ed specializovan\u00e9 v\u00fdrobci a sympati\u010dt\u00ed prodejci, a vypravte se na n\u00e1kupy.                                                                                                                                                                                                                                                                                                                                                                                        5\/5 - (3 votes)        "},{"@context":"https:\/\/schema.org\/","@type":"BreadcrumbList","itemListElement":[{"@type":"ListItem","position":1,"name":"Stojany na kola","item":"https:\/\/www.fixier.cz\/stojany-na-kola\/#breadcrumbitem"}]}]