[{"@context":"https:\/\/schema.org\/","@type":"Article","@id":"https:\/\/www.fixier.cz\/taxi-a-ja\/#Article","mainEntityOfPage":"https:\/\/www.fixier.cz\/taxi-a-ja\/","headline":"Taxi a j\u00e1","name":"Taxi a j\u00e1","description":"Mysl\u00edm si, \u017ee kdyby lid\u00e9 dost\u00e1vali auta zadarmo, tak by to bylo opravdu skv\u011bl\u00e9. Nebo bys to nemysl\u00edte? J\u00e1 v\u00edm, \u017ee jsi zase mnoho lid\u00ed \u0159\u00edk\u00e1, kdo by co cht\u011bl, kdy\u017e je to zadarmo. J\u00e1 to ch\u00e1pu. Ale pr\u00fd n\u011bkde v Indii to bylo, kde pr\u00fd se norm\u00e1ln\u011b d\u00e1vala auta zadarmo. Jenom\u017ee pr\u00fd potom byla [&hellip;]","datePublished":"2022-11-06","dateModified":"2022-11-06","author":{"@type":"Person","@id":"https:\/\/www.fixier.cz\/author\/#Person","name":"","url":"https:\/\/www.fixier.cz\/author\/","identifier":1,"image":{"@type":"ImageObject","@id":"https:\/\/secure.gravatar.com\/avatar\/06473a178d94fb830b46e277369729e9534f2612e261ec2f1ee96b672ef473e2?s=96&d=mm&r=g","url":"https:\/\/secure.gravatar.com\/avatar\/06473a178d94fb830b46e277369729e9534f2612e261ec2f1ee96b672ef473e2?s=96&d=mm&r=g","height":96,"width":96}},"publisher":{"@type":"Organization","name":"fixier.cz","logo":{"@type":"ImageObject","@id":"\/logo.png","url":"\/logo.png","width":600,"height":60}},"image":{"@type":"ImageObject","@id":"https:\/\/www.fixier.cz\/wp-content\/uploads\/traffic-3612474_1280_2.jpg","url":"https:\/\/www.fixier.cz\/wp-content\/uploads\/traffic-3612474_1280_2.jpg","height":0,"width":0},"url":"https:\/\/www.fixier.cz\/taxi-a-ja\/","about":["Moto"],"wordCount":416,"articleBody":"Mysl\u00edm si, \u017ee kdyby lid\u00e9 dost\u00e1vali auta zadarmo, tak by to bylo opravdu skv\u011bl\u00e9. Nebo bys to nemysl\u00edte? J\u00e1 v\u00edm, \u017ee jsi zase mnoho lid\u00ed \u0159\u00edk\u00e1, kdo by co cht\u011bl, kdy\u017e je to zadarmo. J\u00e1 to ch\u00e1pu. Ale pr\u00fd n\u011bkde v Indii to bylo, kde pr\u00fd se norm\u00e1ln\u011b d\u00e1vala auta zadarmo. Jenom\u017ee pr\u00fd potom byla podm\u00ednka, \u017ee mus\u00edte p\u011bt let pracovat jako taxik\u00e1\u0159 a tak\u00e9 jste dost\u00e1vali \u00fapln\u011b minim\u00e1ln\u00ed mzdu. Ale zase jste m\u011bli auto zadarmo \u2013 Ale nemyslete si, \u017ee to bylo n\u011bkter\u00e9 luxusn\u00ed sportovn\u00ed auto. Bylo to \u00fapln\u011b oby\u010dejn\u00e9 auto, skoro a\u017e n\u011bjak\u00e1 poj\u00edzdn\u00e1 popelnice. Tak\u017ee j\u00e1 bych takov\u00e9 auto necht\u011bla opravdu ani zadarmo. A je\u0161t\u011b se upsat na p\u011bt let, \u017ee budu d\u011blat taxik\u00e1\u0159e, tak na tohle by m\u011b opravdu v\u016fbec nikdo neu\u017eil. Tohle bych d\u011blat v\u00e1\u017en\u011b necht\u011bla. Tak\u017ee jsou opravdu r\u00e1da, \u017ee jsem v \u010cesk\u00e9 republice, kde se mohu norm\u00e1ln\u011b koupit auto a d\u011blat si s n\u00edm to chci. A kdy\u017e u\u017e jsme u t\u00e9 taxik\u00e1\u0159iny, tak v\u00e1m \u0159eknu, \u017ee kdy\u017e jsem byla je\u0161t\u011b na vysok\u00e9 \u0161kole, tak jsem jako brig\u00e1dn\u00edk d\u011blala taxik\u00e1\u0159ku. A sice to nebylo \u00fapln\u011b na smlouvu, ale pouze jenom na dohodu, proto\u017ee leg\u00e1ln\u011b jsem \u00fapln\u011b taxik\u00e1\u0159ku d\u011blat je\u0161t\u011b nemohla. V\u016fbec nech\u00e1pu pro\u010d, tak jsem to d\u011blala akor\u00e1t na dohodu. Mus\u00edm \u0159\u00edct, \u017ee pr\u00e1ce tak taxik\u00e1\u0159ky je opravdu velice z\u00e1bavn\u00e1.Dokonce jsem poznala tak\u00e9 mnoho p\u0159\u00e1tel, proto\u017ee kdy\u017e voz\u00edte st\u00e1le n\u011bkter\u00e9 lidi v tax\u00edku, tak si jist\u011b jejich obli\u010deje zapamatujete a d\u00e1te se do \u0159e\u010di. A j\u00e1 sama jsem byla v\u017edycky velice p\u0159ekvapen\u00e1, kdy\u017e m\u011b n\u011bkdo pozn\u00e1. Tak\u017ee v\u017edycky jsem se v pr\u00e1ci opravdu hodn\u011b radovala a t\u011b\u0161ila jsem se, koho zase ten den potk\u00e1m. A v\u00edte, co se stalo? Tak\u00e9 jsem ve sv\u00e9 pr\u00e1ci p\u0159i taxika\u0159in\u011b poznala opravdu mnoho skv\u011bl\u00fdch lidi, tak\u00e9 jsem tam potkala sv\u00e9ho sou\u010dasn\u00e9ho p\u0159\u00edtele, se kter\u00fdm jsem u\u017e \u0161est let a mus\u00edm uznat, \u017ee je to velice z\u00e1bavn\u00e9 a jsem r\u00e1da, \u017ee jsem v\u016fbec taxik\u00e1\u0159ku d\u011blala. A v\u00e1s by pracovn\u011b bavilo \u0159\u00eddit auto?\u00a0                                                                                                                                                                                                                                                                                                                                                                                                "},{"@context":"https:\/\/schema.org\/","@type":"BreadcrumbList","itemListElement":[{"@type":"ListItem","position":1,"name":"Taxi a j\u00e1","item":"https:\/\/www.fixier.cz\/taxi-a-ja\/#breadcrumbitem"}]}]