[{"@context":"https:\/\/schema.org\/","@type":"Article","@id":"https:\/\/www.fixier.cz\/vyberte-si-tu-pravou\/#Article","mainEntityOfPage":"https:\/\/www.fixier.cz\/vyberte-si-tu-pravou\/","headline":"Vyberte si tu pravou","name":"Vyberte si tu pravou","description":"Vybrat kuchy\u0148skou linku nen\u00ed v\u016fbec jednoduch\u00e1 v\u011bc, a to hlavn\u011b kdy\u017e stav\u00edte nov\u00fd d\u016fm a chcete m\u00edt v\u0161echno dokonale za\u0159\u00edzen\u00e9. V\u00fdb\u011br linky je v\u011bt\u0161inou na \u017een\u00e1ch, a zat\u00edmco \u017eeny nad\u0161en\u011b v kuchy\u0148sk\u00fdch studi\u00edch a u truhl\u00e1\u0159\u016f pohl\u00ed\u017e\u00ed v\u0161echno mo\u017en\u00e9 a zkou\u0161\u00ed des\u00edtky barevn\u00fdch kombinac\u00ed, mu\u017ei ti\u0161e trp\u00ed. U v\u00fdb\u011bru linky nen\u00ed dobr\u00e9 nic usp\u011bchat, proto\u017ee [&hellip;]","datePublished":"2024-03-16","dateModified":"2024-04-17","author":{"@type":"Person","@id":"https:\/\/www.fixier.cz\/author\/#Person","name":"","url":"https:\/\/www.fixier.cz\/author\/","identifier":1,"image":{"@type":"ImageObject","@id":"https:\/\/secure.gravatar.com\/avatar\/06473a178d94fb830b46e277369729e9534f2612e261ec2f1ee96b672ef473e2?s=96&d=mm&r=g","url":"https:\/\/secure.gravatar.com\/avatar\/06473a178d94fb830b46e277369729e9534f2612e261ec2f1ee96b672ef473e2?s=96&d=mm&r=g","height":96,"width":96}},"publisher":{"@type":"Organization","name":"fixier.cz","logo":{"@type":"ImageObject","@id":"\/logo.png","url":"\/logo.png","width":600,"height":60}},"image":{"@type":"ImageObject","@id":"https:\/\/www.fixier.cz\/wp-content\/uploads\/pexels-max-vakhtbovycn-6284229_1.jpg","url":"https:\/\/www.fixier.cz\/wp-content\/uploads\/pexels-max-vakhtbovycn-6284229_1.jpg","height":0,"width":0},"url":"https:\/\/www.fixier.cz\/vyberte-si-tu-pravou\/","about":["Slu\u017eby"],"wordCount":429,"articleBody":"   Vybrat kuchy\u0148skou linku nen\u00ed v\u016fbec jednoduch\u00e1 v\u011bc, a to hlavn\u011b kdy\u017e stav\u00edte nov\u00fd d\u016fm a chcete m\u00edt v\u0161echno dokonale za\u0159\u00edzen\u00e9. V\u00fdb\u011br linky je v\u011bt\u0161inou na \u017een\u00e1ch, a zat\u00edmco \u017eeny nad\u0161en\u011b v kuchy\u0148sk\u00fdch studi\u00edch a u truhl\u00e1\u0159\u016f pohl\u00ed\u017e\u00ed v\u0161echno mo\u017en\u00e9 a zkou\u0161\u00ed des\u00edtky barevn\u00fdch kombinac\u00ed, mu\u017ei ti\u0161e trp\u00ed. U v\u00fdb\u011bru linky nen\u00ed dobr\u00e9 nic usp\u011bchat, proto\u017ee to nen\u00ed \u017eidle, kterou si m\u016f\u017eete hned koupit novou. Linku v\u011bt\u0161ina lid\u00ed kupuje na des\u00edtky let, a i kdy\u017e se samoz\u0159ejm\u011b budete inspirovat m\u00f3dn\u00edmi trendy, rad\u011bji vsa\u010fte na univerz\u00e1ln\u00ed a nad\u010dasov\u00e9 t\u00f3ny.Co je zrovna v m\u00f3d\u011b? P\u0159ed p\u00e1r lety byly modern\u00ed barevn\u00e9 linky, kter\u00e9 ale zejm\u00e9na ve v\u00fdrazn\u00fdch barv\u00e1ch velice rychle omrz\u00ed. Mnohem lep\u0161\u00ed je vybrat si t\u0159eba \u010dernou, hn\u011bdou a nebo b\u00e9\u017eovou, kter\u00e9 se daj\u00ed zkombinovat s r\u016fzn\u00fdmi dopl\u0148ky. Design ale nen\u00ed to jedin\u00e9, \u010demu byste se m\u011bli v\u011bnovat. Mnohem d\u016fle\u017eit\u011bj\u0161\u00ed je, aby byla linka dostate\u010dn\u011b velk\u00e1, m\u011bla dost \u00falo\u017en\u00e9ho prostoru nejen pro n\u00e1dob\u00ed, ale i pro potraviny, a aby byla dob\u0159e osv\u011btlen\u00e1. S t\u00edm v\u0161\u00edm v\u00e1m porad\u00edme p\u0159i pl\u00e1nov\u00e1n\u00ed va\u0161\u00ed kuchyn\u011b. Vyrob\u00edme v\u00e1m va\u0161i vysn\u011bnou kuchyni na m\u00edru a pom\u016f\u017eeme v\u00e1m vybrat vhodn\u00e9 materi\u00e1ly.Zpracujeme v\u00e1m n\u00e1vrh podle va\u0161ich po\u017eadavk\u016f, a n\u00e1sledn\u011b uvid\u00edte, jak\u00e9 jsou ceny kuchyn\u00ed na m\u00edru pr\u00e1v\u011b u n\u00e1s. Vyrob\u00edme v\u00e1m nejen modern\u00ed linku, kter\u00e1 n\u00e1sleduje nejmodern\u011bj\u0161\u00ed trendy, ale tak\u00e9 v\u00e1m m\u016f\u017eeme vyrobit linku ve stylu provence. Z\u00e1le\u017e\u00ed na v\u00e1s, \u010demu d\u00e1v\u00e1te p\u0159ednost. Opravdu se ale vyhn\u011bte experiment\u016fm s barvami a rad\u011bji vsa\u010fte na zemit\u00e9 barvy.Ani b\u00edl\u00e1  http:\/\/apartmanynafare.cz\/ ani \u010dern\u00e1 Vysok\u00fd lesk a \u010dern\u00e1 barva jsou sice modern\u00ed, ale kupodivu je na \u010dern\u00e9 lince v\u0161echno vid\u011bt. Jestli nechcete tr\u00e1vit hodiny a hodiny s hadrem v ruce, rad\u011bji jd\u011bte do st\u0159edn\u00ed barvy a nebo do b\u00edl\u00e9 linky. Pracovn\u00ed desku si m\u016f\u017eete nechat vyrobit ze d\u0159eva, MDF desek a nebo t\u0159eba z um\u011bl\u00e9ho kamene. V\u0161echny komponenty si m\u016f\u017eete prohl\u00e9dnout p\u0159edem a snadno se rozhodnout.                                                                                                                                                                                                                                                                                                                                                                                          4.2\/5 - (12 votes)        "},{"@context":"https:\/\/schema.org\/","@type":"BreadcrumbList","itemListElement":[{"@type":"ListItem","position":1,"name":"Vyberte si tu pravou","item":"https:\/\/www.fixier.cz\/vyberte-si-tu-pravou\/#breadcrumbitem"}]}]